{"id":548,"date":"2022-05-11T17:00:38","date_gmt":"2022-05-11T16:00:38","guid":{"rendered":"http:\/\/remybenjamin.be\/?p=548"},"modified":"2025-04-09T17:17:14","modified_gmt":"2025-04-09T16:17:14","slug":"prise-de-bec","status":"publish","type":"post","link":"https:\/\/remybenjamin.be\/index.php\/2022\/05\/11\/prise-de-bec\/","title":{"rendered":"Prise de Bec"},"content":{"rendered":"\n<p class=\"has-text-align-center\"><strong>Prise de bec est une bande-dessin\u00e9e adress\u00e9e aux 8 \u2013 12 ans. Avec humour, fantaisie et une pointe d\u2019espi\u00e8glerie, ce livre questionne en douceur la soci\u00e9t\u00e9 dans laquelle nous vivons<\/strong>.<\/p>\n\n\n\n<hr class=\"wp-block-separator has-css-opacity is-style-wide\"\/>\n\n\n\n<p class=\"has-text-align-center\"><strong>Sc\u00e9nario et couleurs : R\u00e9my Benjamin<br>Dessin : Geoffrey Delinte<\/strong><\/p>\n\n\n\n<hr class=\"wp-block-separator has-css-opacity is-style-wide\"\/>\n\n\n\n<p class=\"has-text-align-center\">Les personnages anthropomorphiques qui peuplent ses pages : un cochon employ\u00e9 de bureau, une ch\u00e8vre engag\u00e9e, une aigrette r\u00e9actionnaire, un couple de poules f\u00e9ministes ou un corbeau \u00e9picurien partagent leurs r\u00e9flexions sur des sujets de sant\u00e9, d\u2019\u00e9cologie et de famille.<\/p>\n\n\n\n<p class=\"has-text-align-center\">L\u2019univers fin, d\u00e9taill\u00e9 et aux couleurs chatoyantes des deux illustrateurs am\u00e8ne le jeune lecteur \u00e0 rire, \u00e0 s\u2019int\u00e9resser, mais aussi \u00e0 se questionner et \u00e0 aiguiser son sens critique<\/p>\n\n\n\n<hr class=\"wp-block-separator has-css-opacity is-style-wide\"\/>\n\n\n\n<p class=\"has-text-align-center\"><em><strong>\u00c9ditions Motus, avril 2022<\/strong> \u2013 52 pages \u2013 20,5 X 25,5 \u2013 Couleur cartonn\u00e9<br>ISBN <strong>:<\/strong> 978-2-36011-114-5 \u2013 14,90 \u20ac<\/em><\/p>\n\n\n\n<hr class=\"wp-block-separator has-css-opacity is-style-wide\"\/>\n\n\n\n<blockquote class=\"wp-block-quote has-text-align-left is-style-default\">\n<p>Classique et moderne \u00e0 la fois, tour-\u00e0-tour l\u00e9ger et plus profond, Prise de bec est une jolie surprise qui devrait s\u00e9duire tous les apprentis philosophes et autres h\u00f4tes de ces bois.<\/p>\n<cite>A. Perroud  \u2013 bdgest.com<\/cite><\/blockquote>\n\n\n\n<div class=\"wp-block-buttons is-content-justification-center is-layout-flex wp-container-1\">\n<div class=\"wp-block-button\"><a class=\"wp-block-button__link wp-element-button\" href=\"https:\/\/editions-motus.com\/produit\/prise-de-bec\/\" style=\"border-radius:12px\" target=\"_blank\" rel=\"noreferrer noopener\">Commander ce livre sur le site de l&rsquo;\u00e9diteur<\/a><\/div>\n<\/div>\n\n\n\n<figure class=\"wp-block-gallery has-nested-images columns-1 is-cropped wp-block-gallery-2 is-layout-flex\">\n<figure class=\"wp-block-image size-large\"><img decoding=\"async\" loading=\"lazy\" width=\"1024\" height=\"766\" data-id=\"609\"  src=\"https:\/\/remybenjamin.be\/wp-content\/uploads\/2025\/04\/prise-de-bec-001-1024x766.jpg\" alt=\"\" class=\"wp-image-609\" srcset=\"https:\/\/remybenjamin.be\/wp-content\/uploads\/2025\/04\/prise-de-bec-001-1024x766.jpg 1024w, https:\/\/remybenjamin.be\/wp-content\/uploads\/2025\/04\/prise-de-bec-001-300x225.jpg 300w, https:\/\/remybenjamin.be\/wp-content\/uploads\/2025\/04\/prise-de-bec-001-768x575.jpg 768w, https:\/\/remybenjamin.be\/wp-content\/uploads\/2025\/04\/prise-de-bec-001-1120x838.jpg 1120w, https:\/\/remybenjamin.be\/wp-content\/uploads\/2025\/04\/prise-de-bec-001-1140x853.jpg 1140w, https:\/\/remybenjamin.be\/wp-content\/uploads\/2025\/04\/prise-de-bec-001.jpg 1200w\" sizes=\"(max-width: 1024px) 100vw, 1024px\" \/><\/figure>\n\n\n\n<figure class=\"wp-block-image size-large\"><img decoding=\"async\" loading=\"lazy\" width=\"1024\" height=\"766\" data-id=\"612\"  src=\"https:\/\/remybenjamin.be\/wp-content\/uploads\/2025\/04\/prise-de-bec-002-1024x766.jpg\" alt=\"\" class=\"wp-image-612\" srcset=\"https:\/\/remybenjamin.be\/wp-content\/uploads\/2025\/04\/prise-de-bec-002-1024x766.jpg 1024w, https:\/\/remybenjamin.be\/wp-content\/uploads\/2025\/04\/prise-de-bec-002-300x224.jpg 300w, https:\/\/remybenjamin.be\/wp-content\/uploads\/2025\/04\/prise-de-bec-002-768x575.jpg 768w, https:\/\/remybenjamin.be\/wp-content\/uploads\/2025\/04\/prise-de-bec-002-1536x1149.jpg 1536w, https:\/\/remybenjamin.be\/wp-content\/uploads\/2025\/04\/prise-de-bec-002-2048x1532.jpg 2048w, https:\/\/remybenjamin.be\/wp-content\/uploads\/2025\/04\/prise-de-bec-002-1200x898.jpg 1200w, https:\/\/remybenjamin.be\/wp-content\/uploads\/2025\/04\/prise-de-bec-002-1120x838.jpg 1120w, https:\/\/remybenjamin.be\/wp-content\/uploads\/2025\/04\/prise-de-bec-002-1140x853.jpg 1140w\" sizes=\"(max-width: 1024px) 100vw, 1024px\" \/><\/figure>\n\n\n\n<figure class=\"wp-block-image size-large\"><img decoding=\"async\" loading=\"lazy\" width=\"1024\" height=\"766\" data-id=\"613\"  src=\"https:\/\/remybenjamin.be\/wp-content\/uploads\/2025\/04\/prise-de-bec-003-1-1024x766.jpg\" alt=\"\" class=\"wp-image-613\" srcset=\"https:\/\/remybenjamin.be\/wp-content\/uploads\/2025\/04\/prise-de-bec-003-1-1024x766.jpg 1024w, https:\/\/remybenjamin.be\/wp-content\/uploads\/2025\/04\/prise-de-bec-003-1-300x225.jpg 300w, https:\/\/remybenjamin.be\/wp-content\/uploads\/2025\/04\/prise-de-bec-003-1-768x575.jpg 768w, https:\/\/remybenjamin.be\/wp-content\/uploads\/2025\/04\/prise-de-bec-003-1-1120x838.jpg 1120w, https:\/\/remybenjamin.be\/wp-content\/uploads\/2025\/04\/prise-de-bec-003-1-1140x853.jpg 1140w, https:\/\/remybenjamin.be\/wp-content\/uploads\/2025\/04\/prise-de-bec-003-1.jpg 1200w\" sizes=\"(max-width: 1024px) 100vw, 1024px\" \/><\/figure>\n\n\n\n<figure class=\"wp-block-image size-large\"><img decoding=\"async\" loading=\"lazy\" width=\"1024\" height=\"766\" data-id=\"607\"  src=\"https:\/\/remybenjamin.be\/wp-content\/uploads\/2025\/04\/prise-de-bec-004-1024x766.jpg\" alt=\"\" class=\"wp-image-607\" srcset=\"https:\/\/remybenjamin.be\/wp-content\/uploads\/2025\/04\/prise-de-bec-004-1024x766.jpg 1024w, https:\/\/remybenjamin.be\/wp-content\/uploads\/2025\/04\/prise-de-bec-004-300x225.jpg 300w, https:\/\/remybenjamin.be\/wp-content\/uploads\/2025\/04\/prise-de-bec-004-768x575.jpg 768w, https:\/\/remybenjamin.be\/wp-content\/uploads\/2025\/04\/prise-de-bec-004-1120x838.jpg 1120w, https:\/\/remybenjamin.be\/wp-content\/uploads\/2025\/04\/prise-de-bec-004-1140x853.jpg 1140w, https:\/\/remybenjamin.be\/wp-content\/uploads\/2025\/04\/prise-de-bec-004.jpg 1200w\" sizes=\"(max-width: 1024px) 100vw, 1024px\" \/><\/figure>\n\n\n\n<figure class=\"wp-block-image size-large\"><img decoding=\"async\" loading=\"lazy\" width=\"1024\" height=\"766\" data-id=\"610\"  src=\"https:\/\/remybenjamin.be\/wp-content\/uploads\/2025\/04\/prise-de-bec-005-1024x766.jpg\" alt=\"\" class=\"wp-image-610\" srcset=\"https:\/\/remybenjamin.be\/wp-content\/uploads\/2025\/04\/prise-de-bec-005-1024x766.jpg 1024w, https:\/\/remybenjamin.be\/wp-content\/uploads\/2025\/04\/prise-de-bec-005-300x225.jpg 300w, https:\/\/remybenjamin.be\/wp-content\/uploads\/2025\/04\/prise-de-bec-005-768x575.jpg 768w, https:\/\/remybenjamin.be\/wp-content\/uploads\/2025\/04\/prise-de-bec-005-1120x838.jpg 1120w, https:\/\/remybenjamin.be\/wp-content\/uploads\/2025\/04\/prise-de-bec-005-1140x853.jpg 1140w, https:\/\/remybenjamin.be\/wp-content\/uploads\/2025\/04\/prise-de-bec-005.jpg 1200w\" sizes=\"(max-width: 1024px) 100vw, 1024px\" \/><\/figure>\n\n\n\n<figure class=\"wp-block-image size-large\"><img decoding=\"async\" loading=\"lazy\" width=\"1024\" height=\"766\" data-id=\"608\"  src=\"https:\/\/remybenjamin.be\/wp-content\/uploads\/2025\/04\/prise-de-bec-006-1024x766.jpg\" alt=\"\" class=\"wp-image-608\" srcset=\"https:\/\/remybenjamin.be\/wp-content\/uploads\/2025\/04\/prise-de-bec-006-1024x766.jpg 1024w, https:\/\/remybenjamin.be\/wp-content\/uploads\/2025\/04\/prise-de-bec-006-300x225.jpg 300w, https:\/\/remybenjamin.be\/wp-content\/uploads\/2025\/04\/prise-de-bec-006-768x575.jpg 768w, https:\/\/remybenjamin.be\/wp-content\/uploads\/2025\/04\/prise-de-bec-006-1120x838.jpg 1120w, https:\/\/remybenjamin.be\/wp-content\/uploads\/2025\/04\/prise-de-bec-006-1140x853.jpg 1140w, https:\/\/remybenjamin.be\/wp-content\/uploads\/2025\/04\/prise-de-bec-006.jpg 1200w\" sizes=\"(max-width: 1024px) 100vw, 1024px\" \/><\/figure>\n<\/figure>\n\n\n\n<figure class=\"wp-block-gallery has-nested-images columns-1 is-cropped wp-block-gallery-4 is-layout-flex\">\n<figure class=\"wp-block-image size-large\"><img decoding=\"async\" loading=\"lazy\" width=\"1024\" height=\"766\" data-id=\"609\"  src=\"https:\/\/remybenjamin.be\/wp-content\/uploads\/2025\/04\/prise-de-bec-001-1024x766.jpg\" alt=\"\" class=\"wp-image-609\" srcset=\"https:\/\/remybenjamin.be\/wp-content\/uploads\/2025\/04\/prise-de-bec-001-1024x766.jpg 1024w, https:\/\/remybenjamin.be\/wp-content\/uploads\/2025\/04\/prise-de-bec-001-300x225.jpg 300w, https:\/\/remybenjamin.be\/wp-content\/uploads\/2025\/04\/prise-de-bec-001-768x575.jpg 768w, https:\/\/remybenjamin.be\/wp-content\/uploads\/2025\/04\/prise-de-bec-001-1120x838.jpg 1120w, https:\/\/remybenjamin.be\/wp-content\/uploads\/2025\/04\/prise-de-bec-001-1140x853.jpg 1140w, https:\/\/remybenjamin.be\/wp-content\/uploads\/2025\/04\/prise-de-bec-001.jpg 1200w\" sizes=\"(max-width: 1024px) 100vw, 1024px\" \/><\/figure>\n\n\n\n<figure class=\"wp-block-image size-large\"><img decoding=\"async\" loading=\"lazy\" width=\"1024\" height=\"766\" data-id=\"612\"  src=\"https:\/\/remybenjamin.be\/wp-content\/uploads\/2025\/04\/prise-de-bec-002-1024x766.jpg\" alt=\"\" class=\"wp-image-612\" srcset=\"https:\/\/remybenjamin.be\/wp-content\/uploads\/2025\/04\/prise-de-bec-002-1024x766.jpg 1024w, https:\/\/remybenjamin.be\/wp-content\/uploads\/2025\/04\/prise-de-bec-002-300x224.jpg 300w, https:\/\/remybenjamin.be\/wp-content\/uploads\/2025\/04\/prise-de-bec-002-768x575.jpg 768w, https:\/\/remybenjamin.be\/wp-content\/uploads\/2025\/04\/prise-de-bec-002-1536x1149.jpg 1536w, https:\/\/remybenjamin.be\/wp-content\/uploads\/2025\/04\/prise-de-bec-002-2048x1532.jpg 2048w, https:\/\/remybenjamin.be\/wp-content\/uploads\/2025\/04\/prise-de-bec-002-1200x898.jpg 1200w, https:\/\/remybenjamin.be\/wp-content\/uploads\/2025\/04\/prise-de-bec-002-1120x838.jpg 1120w, https:\/\/remybenjamin.be\/wp-content\/uploads\/2025\/04\/prise-de-bec-002-1140x853.jpg 1140w\" sizes=\"(max-width: 1024px) 100vw, 1024px\" \/><\/figure>\n\n\n\n<figure class=\"wp-block-image size-large\"><img decoding=\"async\" loading=\"lazy\" width=\"1024\" height=\"766\" data-id=\"613\"  src=\"https:\/\/remybenjamin.be\/wp-content\/uploads\/2025\/04\/prise-de-bec-003-1-1024x766.jpg\" alt=\"\" class=\"wp-image-613\" srcset=\"https:\/\/remybenjamin.be\/wp-content\/uploads\/2025\/04\/prise-de-bec-003-1-1024x766.jpg 1024w, https:\/\/remybenjamin.be\/wp-content\/uploads\/2025\/04\/prise-de-bec-003-1-300x225.jpg 300w, https:\/\/remybenjamin.be\/wp-content\/uploads\/2025\/04\/prise-de-bec-003-1-768x575.jpg 768w, https:\/\/remybenjamin.be\/wp-content\/uploads\/2025\/04\/prise-de-bec-003-1-1120x838.jpg 1120w, https:\/\/remybenjamin.be\/wp-content\/uploads\/2025\/04\/prise-de-bec-003-1-1140x853.jpg 1140w, https:\/\/remybenjamin.be\/wp-content\/uploads\/2025\/04\/prise-de-bec-003-1.jpg 1200w\" sizes=\"(max-width: 1024px) 100vw, 1024px\" \/><\/figure>\n\n\n\n<figure class=\"wp-block-image size-large\"><img decoding=\"async\" loading=\"lazy\" width=\"1024\" height=\"766\" data-id=\"607\"  src=\"https:\/\/remybenjamin.be\/wp-content\/uploads\/2025\/04\/prise-de-bec-004-1024x766.jpg\" alt=\"\" class=\"wp-image-607\" srcset=\"https:\/\/remybenjamin.be\/wp-content\/uploads\/2025\/04\/prise-de-bec-004-1024x766.jpg 1024w, https:\/\/remybenjamin.be\/wp-content\/uploads\/2025\/04\/prise-de-bec-004-300x225.jpg 300w, https:\/\/remybenjamin.be\/wp-content\/uploads\/2025\/04\/prise-de-bec-004-768x575.jpg 768w, https:\/\/remybenjamin.be\/wp-content\/uploads\/2025\/04\/prise-de-bec-004-1120x838.jpg 1120w, https:\/\/remybenjamin.be\/wp-content\/uploads\/2025\/04\/prise-de-bec-004-1140x853.jpg 1140w, https:\/\/remybenjamin.be\/wp-content\/uploads\/2025\/04\/prise-de-bec-004.jpg 1200w\" sizes=\"(max-width: 1024px) 100vw, 1024px\" \/><\/figure>\n\n\n\n<figure class=\"wp-block-image size-large\"><img decoding=\"async\" loading=\"lazy\" width=\"1024\" height=\"766\" data-id=\"610\"  src=\"https:\/\/remybenjamin.be\/wp-content\/uploads\/2025\/04\/prise-de-bec-005-1024x766.jpg\" alt=\"\" class=\"wp-image-610\" srcset=\"https:\/\/remybenjamin.be\/wp-content\/uploads\/2025\/04\/prise-de-bec-005-1024x766.jpg 1024w, https:\/\/remybenjamin.be\/wp-content\/uploads\/2025\/04\/prise-de-bec-005-300x225.jpg 300w, https:\/\/remybenjamin.be\/wp-content\/uploads\/2025\/04\/prise-de-bec-005-768x575.jpg 768w, https:\/\/remybenjamin.be\/wp-content\/uploads\/2025\/04\/prise-de-bec-005-1120x838.jpg 1120w, https:\/\/remybenjamin.be\/wp-content\/uploads\/2025\/04\/prise-de-bec-005-1140x853.jpg 1140w, https:\/\/remybenjamin.be\/wp-content\/uploads\/2025\/04\/prise-de-bec-005.jpg 1200w\" sizes=\"(max-width: 1024px) 100vw, 1024px\" \/><\/figure>\n\n\n\n<figure class=\"wp-block-image size-large\"><img decoding=\"async\" loading=\"lazy\" width=\"1024\" height=\"766\" data-id=\"608\"  src=\"https:\/\/remybenjamin.be\/wp-content\/uploads\/2025\/04\/prise-de-bec-006-1024x766.jpg\" alt=\"\" class=\"wp-image-608\" srcset=\"https:\/\/remybenjamin.be\/wp-content\/uploads\/2025\/04\/prise-de-bec-006-1024x766.jpg 1024w, https:\/\/remybenjamin.be\/wp-content\/uploads\/2025\/04\/prise-de-bec-006-300x225.jpg 300w, https:\/\/remybenjamin.be\/wp-content\/uploads\/2025\/04\/prise-de-bec-006-768x575.jpg 768w, https:\/\/remybenjamin.be\/wp-content\/uploads\/2025\/04\/prise-de-bec-006-1120x838.jpg 1120w, https:\/\/remybenjamin.be\/wp-content\/uploads\/2025\/04\/prise-de-bec-006-1140x853.jpg 1140w, https:\/\/remybenjamin.be\/wp-content\/uploads\/2025\/04\/prise-de-bec-006.jpg 1200w\" sizes=\"(max-width: 1024px) 100vw, 1024px\" \/><\/figure>\n<\/figure>\n","protected":false},"excerpt":{"rendered":"<p>Prise de bec est une bande-dessin\u00e9e adress\u00e9e aux 8 \u2013 12 ans. Avec humour, fantaisie et une pointe d\u2019espi\u00e8glerie, ce livre questionne en douceur la soci\u00e9t\u00e9 dans laquelle nous vivons. Sc\u00e9nario et couleurs : R\u00e9my BenjaminDessin : Geoffrey Delinte Les personnages anthropomorphiques qui peuplent ses pages : un cochon employ\u00e9 de bureau, une ch\u00e8vre engag\u00e9e, &hellip; <\/p>\n<p class=\"link-more\"><a href=\"https:\/\/remybenjamin.be\/index.php\/2022\/05\/11\/prise-de-bec\/\" class=\"more-link\">Continue reading<span class=\"screen-reader-text\"> \u00ab\u00a0Prise de Bec\u00a0\u00bb<\/span><\/a><\/p>\n","protected":false},"author":1,"featured_media":559,"comment_status":"closed","ping_status":"closed","sticky":false,"template":"","format":"standard","meta":[],"categories":[10,14,9],"tags":[],"_links":{"self":[{"href":"https:\/\/remybenjamin.be\/index.php\/wp-json\/wp\/v2\/posts\/548"}],"collection":[{"href":"https:\/\/remybenjamin.be\/index.php\/wp-json\/wp\/v2\/posts"}],"about":[{"href":"https:\/\/remybenjamin.be\/index.php\/wp-json\/wp\/v2\/types\/post"}],"author":[{"embeddable":true,"href":"https:\/\/remybenjamin.be\/index.php\/wp-json\/wp\/v2\/users\/1"}],"replies":[{"embeddable":true,"href":"https:\/\/remybenjamin.be\/index.php\/wp-json\/wp\/v2\/comments?post=548"}],"version-history":[{"count":12,"href":"https:\/\/remybenjamin.be\/index.php\/wp-json\/wp\/v2\/posts\/548\/revisions"}],"predecessor-version":[{"id":639,"href":"https:\/\/remybenjamin.be\/index.php\/wp-json\/wp\/v2\/posts\/548\/revisions\/639"}],"wp:featuredmedia":[{"embeddable":true,"href":"https:\/\/remybenjamin.be\/index.php\/wp-json\/wp\/v2\/media\/559"}],"wp:attachment":[{"href":"https:\/\/remybenjamin.be\/index.php\/wp-json\/wp\/v2\/media?parent=548"}],"wp:term":[{"taxonomy":"category","embeddable":true,"href":"https:\/\/remybenjamin.be\/index.php\/wp-json\/wp\/v2\/categories?post=548"},{"taxonomy":"post_tag","embeddable":true,"href":"https:\/\/remybenjamin.be\/index.php\/wp-json\/wp\/v2\/tags?post=548"}],"curies":[{"name":"wp","href":"https:\/\/api.w.org\/{rel}","templated":true}]}}